{"id":26886,"date":"2023-07-14T10:59:01","date_gmt":"2023-07-14T08:59:01","guid":{"rendered":"https:\/\/ccsrdc.ch\/index.php\/2023\/07\/14\/kic-authentik\/"},"modified":"2023-07-14T11:31:26","modified_gmt":"2023-07-14T09:31:26","slug":"kic-authentik","status":"publish","type":"post","link":"https:\/\/ccsrdc.ch\/index.php\/2023\/07\/14\/kic-authentik\/","title":{"rendered":"Faces of entrepreneurship : Milami-Cosmetics"},"content":{"rendered":"\t\t<div data-elementor-type=\"wp-post\" data-elementor-id=\"26886\" class=\"elementor elementor-26886\">\n\t\t\t\t\t\t\t\t\t<section class=\"elementor-section elementor-top-section elementor-element elementor-element-6e35c1f elementor-section-boxed elementor-section-height-default elementor-section-height-default\" data-id=\"6e35c1f\" data-element_type=\"section\">\n\t\t\t\t\t\t<div class=\"elementor-container elementor-column-gap-default\">\n\t\t\t\t\t<div class=\"elementor-column elementor-col-100 elementor-top-column elementor-element elementor-element-bc10128\" data-id=\"bc10128\" data-element_type=\"column\">\n\t\t\t<div class=\"elementor-widget-wrap elementor-element-populated\">\n\t\t\t\t\t\t\t\t<div class=\"elementor-element elementor-element-4b697ed elementor-widget elementor-widget-rs-heading\" data-id=\"4b697ed\" data-element_type=\"widget\" data-widget_type=\"rs-heading.default\">\n\t\t\t\t<div class=\"elementor-widget-container\">\n\t\t\t        <div class=\"rs-heading default justify \">\r\n        \t<div class=\"title-inner\">        \t\t      \t\t\r\n\t            \t\t\t\t\t        <\/div>\r\n\t                    \t<div class=\"description\">\r\n            \t\t<div class=\"nLG8d5\" data-hook=\"post-description\"><article class=\"blog-post-page-font\"><div class=\"post-content__body\"><div class=\"moHCnT\"><div class=\"moHCnT\"><div class=\"fTEXDR A2sIZ4 QEEfz0\" data-rce-version=\"9.11.0\"><div class=\"itVXy dojW8l s6hjqn _8a1b4\" dir=\"ltr\" data-id=\"rich-content-viewer\"><div class=\"mhGZq BAGeNT\"><div class=\"OFA52E\"><div class=\"cD_92h UitnHM\" data-hook=\"post-title\"><p id=\"viewer-45mus\" class=\"xVISr Y9Dpf bCMSCT OZy-3 _40ACk Ecq9kg bCMSCT public-DraftStyleDefault-block-depth0 fixed-tab-size public-DraftStyleDefault-text-ltr\"><span class=\"B2EFF public-DraftStyleDefault-ltr\">Cette rencontre plaira tr\u00e8s certainement aux amateurs de produits de beaut\u00e9. En effet, l\u2019\u00e9quipe Communication de la CCSC a eu le plaisir d\u2019\u00e9changer avec Fabienne Domatezo, <\/span><span class=\"B2EFF public-DraftStyleDefault-ltr\">fondatrice de l\u2019entreprise \u201cMilami-Cosmetics\u201d sp\u00e9cialis\u00e9 dans la revente de maquillage et <\/span><span class=\"B2EFF public-DraftStyleDefault-ltr\">soins pour tous types de peaux, sp\u00e9cifiquement les peaux noires et m\u00e9tiss\u00e9es.<\/span><\/p><p id=\"viewer-f8f6g\" class=\"xVISr Y9Dpf bCMSCT OZy-3 _40ACk Ecq9kg bCMSCT public-DraftStyleDefault-block-depth0 fixed-tab-size public-DraftStyleDefault-text-ltr\"><span class=\"B2EFF public-DraftStyleDefault-ltr\">Cette jeune maman d\u2019un petit gar\u00e7on de 8 ans a effectu\u00e9 son CFC d\u2019employ\u00e9 de commerce <\/span><span class=\"B2EFF public-DraftStyleDefault-ltr\">mais n\u2019en a pour autant jamais oubli\u00e9 son r\u00eave : travailler dans le monde de la cosm\u00e9tique.<\/span><\/p><p id=\"viewer-8pbm0\" class=\"xVISr Y9Dpf bCMSCT OZy-3 _40ACk Ecq9kg bCMSCT public-DraftStyleDefault-block-depth0 fixed-tab-size public-DraftStyleDefault-text-ltr\"><span class=\"B2EFF public-DraftStyleDefault-ltr\">Ayant toujours d\u00e9sir\u00e9e devenir maquilleuse professionnelle, elle a tout d\u2019abord commenc\u00e9 par une formation qu\u2019elle pouvait allier \u00e0 son travail \u00e0 90% dans une institution scolaire. De ce fait, elle a suivi une formation \u00e0 Paris en 2013 gr\u00e2ce \u00e0 laquelle elle obtiendra un certificat de sp\u00e9cialiste peaux m\u00e9tiss\u00e9es et noires.<\/span><\/p><div id=\"viewer-76mvn\" class=\"QHjDE rzoRKE\"><div class=\"jKKp9 xE7K3m xE7K3m UAgbc OXFdk4 OXFdk4\"><div class=\"Q6a5A\" role=\"button\" data-hook=\"imageViewer\"><div id=\"new-image2277\" class=\"vBPBf L9OMM XHhj0\"><img loading=\"lazy\" decoding=\"async\" class=\"alignright\" src=\"https:\/\/static.wixstatic.com\/media\/0d65c6_002216f1121b4cefa39156314c6ff636~mv2.jpeg\/v1\/fill\/w_450,h_600,al_c,q_80,usm_0.66_1.00_0.01,enc_auto\/0d65c6_002216f1121b4cefa39156314c6ff636~mv2.jpeg\" alt=\"\" width=\"269\" height=\"359\" data-pin-url=\"https:\/\/www.ccsc.ch\/post\/faces-of-entrepreneurship-milami-cosmetics\" data-pin-media=\"https:\/\/static.wixstatic.com\/media\/0d65c6_002216f1121b4cefa39156314c6ff636~mv2.jpeg\/v1\/fill\/w_576,h_768,al_c,lg_1,q_85\/0d65c6_002216f1121b4cefa39156314c6ff636~mv2.jpeg\" data-load-done=\"\" \/><\/div><div class=\"\">C\u2019est donc \u00e0 partir de cette passion qui l\u2019anime depuis toujours que Fabienne a d\u00e9cid\u00e9 de lancer Milami-Cosmetics. Ce projet a \u00e9t\u00e9 stimul\u00e9 \u00e9galement par la forte demande en cosm\u00e9tique pour les peaux noires et m\u00e9tiss\u00e9s.<\/div><div class=\"\">En effet, la Suisse conna\u00eet une forte croissance en population africaine et pourtant il est toujours difficile de trouver des produits de beaut\u00e9 adapt\u00e9s \u00e0 leurs types de peaux. Fabienne avait, par exemple, l\u2019habitude de profiter de ses s\u00e9jours \u00e0 Paris pour faire le stock des produits qu\u2019elle ne trouverait malheureusement pas en Suisse. Elle a donc d\u00e9cid\u00e9 de changer cette situation et de prendre contact avec certaines marques qu\u2019elle affectionne pour leur pr\u00e9senter son projet et d\u00e9marrer ainsi cette aventure de l\u2019entrepreneuriat. Pour ce faire, Fabienne s\u00e9lectionne un certain nombre de marques qui pourraient plaire et r\u00e9pondre aux besoins et attentes de sa client\u00e8le et du march\u00e9 vis\u00e9. Elle se rend disponible \u00e0 diff\u00e9rents \u00e9v\u00e9nements afin de pouvoir exposer et pr\u00e9senter ses produits qui peuvent aussi \u00eatre retrouv\u00e9s en ligne.<\/div><div class=\"\">Cet jeune femme entrepreneur est discr\u00e8te et aime cr\u00e9er l\u2019effet de surprise lorsqu\u2019il s\u2019agit d\u2019annoncer ces partenariats. Cette exp\u00e9rience entrepreneuriale lui permet d\u2019avoir une estime d\u2019elle-m\u00eame plus positive et d\u2019\u00eatre moins dur avec elle-m\u00eame. Bien qu\u2019elle ait fait face aux jugements de certaines personnes, elle n\u2019a pas abandonn\u00e9 et c\u2019est nourri de ces aprioris pour trouver la force de continuer et de d\u00e9montrer \u00e0 ces personnes que si on veut, on peut! Elle peut toujours bien \u00e9videmment compter sur le soutien de sa famille et son conjoint, ce qui est une v\u00e9ritable motivation au quotidien.<\/div><\/div><\/div><\/div><div data-hook=\"rcv-block18\">\u00a0<\/div><div id=\"viewer-62pq8\" class=\"QHjDE rzoRKE\"><div class=\"-jC8z WT9QiX WT9QiX UAgbc OXFdk4 OXFdk4\"><div class=\"Q6a5A\" role=\"button\" data-hook=\"imageViewer\"><div id=\"new-image2278\" class=\"vBPBf L9OMM XHhj0\"><img loading=\"lazy\" decoding=\"async\" class=\"alignleft\" src=\"https:\/\/static.wixstatic.com\/media\/0d65c6_4df5857a958f4050b260cc95436185f5~mv2.jpeg\/v1\/fill\/w_450,h_338,al_c,q_80,usm_0.66_1.00_0.01,enc_auto\/0d65c6_4df5857a958f4050b260cc95436185f5~mv2.jpeg\" alt=\"\" width=\"230\" height=\"173\" data-pin-url=\"https:\/\/www.ccsc.ch\/post\/faces-of-entrepreneurship-milami-cosmetics\" data-pin-media=\"https:\/\/static.wixstatic.com\/media\/0d65c6_4df5857a958f4050b260cc95436185f5~mv2.jpeg\/v1\/fill\/w_768,h_576,al_c,lg_1,q_85\/0d65c6_4df5857a958f4050b260cc95436185f5~mv2.jpeg\" data-load-done=\"\" \/><\/div><\/div><\/div><\/div><p id=\"viewer-92mf7\" class=\"xVISr Y9Dpf bCMSCT OZy-3 _40ACk Ecq9kg bCMSCT public-DraftStyleDefault-block-depth0 fixed-tab-size public-DraftStyleDefault-text-ltr\"><span class=\"B2EFF public-DraftStyleDefault-ltr\">Malgr\u00e9 que ce projet ait \u00e9t\u00e9 difficile \u00e9motionnellement et financi\u00e8rement, elle a toujours eu le soutien de sa famille et peut compter sur sa fratrie pour tester les produits avant de les <\/span><span class=\"B2EFF public-DraftStyleDefault-ltr\">conseillers \u00e0 ses clients.<\/span><\/p><p class=\"xVISr Y9Dpf bCMSCT OZy-3 _40ACk Ecq9kg bCMSCT public-DraftStyleDefault-block-depth0 fixed-tab-size public-DraftStyleDefault-text-ltr\"><span class=\"B2EFF public-DraftStyleDefault-ltr\"> De plus, elle a r\u00e9ussi \u00e0 cr\u00e9er une relation de confiance avec ses <\/span><span class=\"B2EFF public-DraftStyleDefault-ltr\">fournisseurs qui la conseille et lui donne la possibilit\u00e9 de participer \u00e0 certains \u00e9v\u00e9nements.<\/span><\/p><p class=\"xVISr Y9Dpf bCMSCT OZy-3 _40ACk Ecq9kg bCMSCT public-DraftStyleDefault-block-depth0 fixed-tab-size public-DraftStyleDefault-text-ltr\"><span class=\"B2EFF public-DraftStyleDefault-ltr\">Elle recommande \u00e0 toutes les personnes qui souhaitent se lancer dans le monde de <\/span><span class=\"B2EFF public-DraftStyleDefault-ltr\">l\u2019entrepreneuriat de : FONCER ! Comme elle le dit si bien, \u201cil ne faut surtout pas se comparer <\/span><span class=\"B2EFF public-DraftStyleDefault-ltr\">\u00e0 autrui ou \u00e0 sa r\u00e9ussite : <\/span><\/p><div data-hook=\"rcv-block26\">\u00a0<\/div><blockquote id=\"viewer-ff4s9\" class=\"T70D5 _8ps7N vJsmFS OZy-3 lnyWN yMZv8w bCMSCT public-DraftStyleDefault-block-depth0 fixed-tab-size public-DraftStyleDefault-text-ltr\"><p><span class=\"B2EFF public-DraftStyleDefault-ltr\">\u201cPour ce qui est de l\u2019avenir, il ne s\u2019agit pas de le pr\u00e9voir, mais de le rendre possible.\u201d ; seul le travail paie et pour chaque projet il faut assumer ce que l\u2019on fait et qui l\u2019on est.\u201d.<\/span><\/p><\/blockquote><p id=\"viewer-2gjt4\" class=\"xVISr Y9Dpf bCMSCT OZy-3 _40ACk Ecq9kg bCMSCT public-DraftStyleDefault-block-depth0 fixed-tab-size public-DraftStyleDefault-text-ltr\"><span class=\"B2EFF public-DraftStyleDefault-ltr\">Vous pourrez retrouver tr\u00e8s bient\u00f4t tous les produits sur leur site internet, qui est actuellement en construction, mais en attendant vous pouvez passer vos commandes par Instagram @milami_cosmetics ou Facebook @milami-cosmetics.<\/span><\/p><p id=\"viewer-9bsf6\" class=\"xVISr Y9Dpf bCMSCT OZy-3 _40ACk Ecq9kg bCMSCT public-DraftStyleDefault-block-depth0 fixed-tab-size public-DraftStyleDefault-text-ltr\"><span class=\"B2EFF public-DraftStyleDefault-ltr\">Nous remercions Fabienne pour cet \u00e9change et la f\u00e9licitons pour cette force qu\u2019elle met \u00e0 <\/span><span class=\"B2EFF public-DraftStyleDefault-ltr\">profit pour r\u00e9aliser ses r\u00eaves.<\/span><\/p><div data-hook=\"rcv-block32\">\u00a0<\/div><p id=\"viewer-7e7m6\" class=\"xVISr Y9Dpf bCMSCT OZy-3 lnyWN yMZv8w bCMSCT public-DraftStyleDefault-block-depth0 fixed-tab-size public-DraftStyleDefault-text-ltr\"><span class=\"B2EFF public-DraftStyleDefault-ltr\"><em>Stephanie Araujo Placido<\/em><\/span><\/p><\/div><\/div><\/div><\/div><\/div><\/div><\/div><\/div><\/article><\/div>            \t\t\r\n            \t<\/div>\r\n        \t        <\/div>\r\n\r\n        \t\t<\/div>\n\t\t\t\t<\/div>\n\t\t\t\t\t<\/div>\n\t\t<\/div>\n\t\t\t\t\t\t\t<\/div>\n\t\t<\/section>\n\t\t\t\t\t\t\t<\/div>\n\t\t","protected":false},"excerpt":{"rendered":"<p>Cette rencontre plaira tr\u00e8s certainement aux amateurs de produits de beaut\u00e9. En effet, l\u2019\u00e9quipe Communication de la CCSC a eu le plaisir d\u2019\u00e9changer avec Fabienne Domatezo, fondatrice de l\u2019entreprise \u201cMilami-Cosmetics\u201d sp\u00e9cialis\u00e9 dans la revente de maquillage et soins pour tous types de peaux, sp\u00e9cifiquement les peaux noires et m\u00e9tiss\u00e9es. Cette jeune maman d\u2019un petit gar\u00e7on&#8230;<\/p>\n","protected":false},"author":1,"featured_media":0,"comment_status":"open","ping_status":"open","sticky":false,"template":"","format":"standard","meta":{"footnotes":""},"categories":[28],"tags":[6,7,8,9,10],"class_list":["post-26886","post","type-post","status-publish","format-standard","hentry","category-kic","tag-audit","tag-consulting","tag-credit","tag-repair","tag-solve"],"_links":{"self":[{"href":"https:\/\/ccsrdc.ch\/index.php\/wp-json\/wp\/v2\/posts\/26886","targetHints":{"allow":["GET"]}}],"collection":[{"href":"https:\/\/ccsrdc.ch\/index.php\/wp-json\/wp\/v2\/posts"}],"about":[{"href":"https:\/\/ccsrdc.ch\/index.php\/wp-json\/wp\/v2\/types\/post"}],"author":[{"embeddable":true,"href":"https:\/\/ccsrdc.ch\/index.php\/wp-json\/wp\/v2\/users\/1"}],"replies":[{"embeddable":true,"href":"https:\/\/ccsrdc.ch\/index.php\/wp-json\/wp\/v2\/comments?post=26886"}],"version-history":[{"count":12,"href":"https:\/\/ccsrdc.ch\/index.php\/wp-json\/wp\/v2\/posts\/26886\/revisions"}],"predecessor-version":[{"id":26898,"href":"https:\/\/ccsrdc.ch\/index.php\/wp-json\/wp\/v2\/posts\/26886\/revisions\/26898"}],"wp:attachment":[{"href":"https:\/\/ccsrdc.ch\/index.php\/wp-json\/wp\/v2\/media?parent=26886"}],"wp:term":[{"taxonomy":"category","embeddable":true,"href":"https:\/\/ccsrdc.ch\/index.php\/wp-json\/wp\/v2\/categories?post=26886"},{"taxonomy":"post_tag","embeddable":true,"href":"https:\/\/ccsrdc.ch\/index.php\/wp-json\/wp\/v2\/tags?post=26886"}],"curies":[{"name":"wp","href":"https:\/\/api.w.org\/{rel}","templated":true}]}}