{"id":26833,"date":"2023-07-07T16:31:50","date_gmt":"2023-07-07T14:31:50","guid":{"rendered":"https:\/\/ccsrdc.ch\/index.php\/2023\/07\/07\/kic-la-rue-du-bonheur\/"},"modified":"2023-07-07T16:45:52","modified_gmt":"2023-07-07T14:45:52","slug":"kic-la-rue-du-bonheur","status":"publish","type":"post","link":"https:\/\/ccsrdc.ch\/index.php\/2023\/07\/07\/kic-la-rue-du-bonheur\/","title":{"rendered":"KIC &#8211; YECCOLAPP."},"content":{"rendered":"\t\t<div data-elementor-type=\"wp-post\" data-elementor-id=\"26833\" class=\"elementor elementor-26833\">\n\t\t\t\t\t\t\t\t\t<section class=\"elementor-section elementor-top-section elementor-element elementor-element-6e35c1f elementor-section-boxed elementor-section-height-default elementor-section-height-default\" data-id=\"6e35c1f\" data-element_type=\"section\">\n\t\t\t\t\t\t<div class=\"elementor-container elementor-column-gap-default\">\n\t\t\t\t\t<div class=\"elementor-column elementor-col-100 elementor-top-column elementor-element elementor-element-bc10128\" data-id=\"bc10128\" data-element_type=\"column\">\n\t\t\t<div class=\"elementor-widget-wrap elementor-element-populated\">\n\t\t\t\t\t\t\t\t<div class=\"elementor-element elementor-element-4b697ed elementor-widget elementor-widget-rs-heading\" data-id=\"4b697ed\" data-element_type=\"widget\" data-widget_type=\"rs-heading.default\">\n\t\t\t\t<div class=\"elementor-widget-container\">\n\t\t\t        <div class=\"rs-heading default justify \">\r\n        \t<div class=\"title-inner\">        \t\t      \t\t\r\n\t            \t\t\t\t\t        <\/div>\r\n\t                    \t<div class=\"description\">\r\n            \t\t<p>Sacr\u00e9-Benoit Mbumina est un entrepreneur congolais de 29 ans r\u00e9sidant \u00e0 Kinshasa. Ce licenci\u00e9 en informatique a obtenu le premier prix et il est \u00e9videment l\u2019un des 3 gagnants de la 1\u00e8re \u00e9dition de Kinshasa Innovation Center (KIC), programme d\u2019incubation et de renforcement des capacit\u00e9s, organis\u00e9 par la Chambre de Commerce Suisse-RD Congo, en partenariat avec l\u2019Ambassade de Suisse \u00e0 Kinshasa, l\u2019universit\u00e9 de Kinshasa et l\u2019universit\u00e9 de Gen\u00e8ve.<\/p>\n<p id=\"viewer-29p9r\" class=\"xVISr Y9Dpf bCMSCT OZy-3 lnyWN yMZv8w bCMSCT public-DraftStyleDefault-block-depth0 fixed-tab-size public-DraftStyleDefault-text-ltr\"><span class=\"B2EFF public-DraftStyleDefault-ltr\"><img loading=\"lazy\" decoding=\"async\" class=\"alignleft\" src=\"https:\/\/static.wixstatic.com\/media\/0d65c6_27c98158920245a9833302f5461201a5~mv2.jpeg\/v1\/fill\/w_263,h_409,al_c,q_80,usm_0.66_1.00_0.01,enc_auto\/0d65c6_27c98158920245a9833302f5461201a5~mv2.jpeg\" width=\"204\" height=\"317\" \/>Toujours le premier \u00e0 motiver les troupes, Sacr\u00e9-Benoit est plein d\u2019\u00e9nergie et de cr\u00e9ativit\u00e9. Il se surpasse pour faire avancer son projet et ses id\u00e9es. <\/span><\/p>\n<h2 id=\"viewer-7rdk4\" class=\"qDGi6 Y9Dpf blog-post-title-font cV_AtH fH13FV OZy-3 _40ACk Ecq9kg bCMSCT public-DraftStyleDefault-block-depth0 fixed-tab-size public-DraftStyleDefault-text-ltr\"><span class=\"B2EFF public-DraftStyleDefault-ltr\">Le projet Yeccolapp, comment est-il n\u00e9 ? <\/span><\/h2>\n<p id=\"viewer-9ath9\" class=\"xVISr Y9Dpf bCMSCT OZy-3 _40ACk Ecq9kg bCMSCT public-DraftStyleDefault-block-depth0 fixed-tab-size public-DraftStyleDefault-text-ltr\"><span class=\"B2EFF public-DraftStyleDefault-ltr\">L\u2019int\u00e9r\u00eat de Sacr\u00e9-Benoit pour l\u2019entrepreneuriat est n\u00e9e \u00e0 la suite de plusieurs injustices dont il a \u00e9t\u00e9 t\u00e9moin ou qu\u2019il a lui-m\u00eame subi dans le milieu universitaire. Il a en effet a constat\u00e9 la diff\u00e9rence de traitement r\u00e9serv\u00e9 aux \u00e9tudiants selon qu\u2019ils viennent d\u2019une grande ou d\u2019une petite \u00e9cole. <\/span><\/p>\n<p id=\"viewer-62has\" class=\"xVISr Y9Dpf bCMSCT OZy-3 _40ACk Ecq9kg bCMSCT public-DraftStyleDefault-block-depth0 fixed-tab-size public-DraftStyleDefault-text-ltr\"><span class=\"B2EFF public-DraftStyleDefault-ltr\">Alors qu\u2019il s\u2019est retrouv\u00e9 dans une situation financi\u00e8re difficile, Sacr\u00e9-Benoit n\u2019avait plus les moyens de poursuivre ses cours. Contraint d\u2019arr\u00eater ses \u00e9tudes, il a pu rebondir en trouvant un emploi dans une \u00e9cole priv\u00e9 o\u00f9 il dispensait des cours de math\u00e9matiques. Il s\u2019est ainsi familiaris\u00e9 avec le m\u00e9tier d\u2019enseignant.<\/span><\/p>\n<p id=\"viewer-d0lie\" class=\"xVISr Y9Dpf bCMSCT OZy-3 _40ACk Ecq9kg bCMSCT public-DraftStyleDefault-block-depth0 fixed-tab-size public-DraftStyleDefault-text-ltr\"><span class=\"B2EFF public-DraftStyleDefault-ltr\">L\u00e0 encore, il s\u2019est retrouv\u00e9 confront\u00e9 \u00e0 une situation qui allait \u00e0 l\u2019encontre de ses principes d\u2019\u00e9thiques et d\u2019\u00e9quit\u00e9. Il choisit donc de d\u00e9missionner et de commencer \u00e0 r\u00e9fl\u00e9chir \u00e0 une autre alternative. Une alternative qui regrouperait ses comp\u00e9tences dans l\u2019enseignement et l\u2019informatique, son d\u00e9sir d\u2019autonomie mais aussi les valeurs de justice et d\u2019\u00e9quit\u00e9. Pour subvenir \u00e0 ses besoins, Sacr\u00e9-Benoit a travaill\u00e9 en tant qu\u2019informaticien principal et charg\u00e9 de projet num\u00e9rique pour de nombreuses \u00e9coles catholiques. <\/span><\/p>\n<p id=\"viewer-155ij\" class=\"xVISr Y9Dpf bCMSCT OZy-3 _40ACk Ecq9kg bCMSCT public-DraftStyleDefault-block-depth0 fixed-tab-size public-DraftStyleDefault-text-ltr\"><span class=\"B2EFF public-DraftStyleDefault-ltr\">C\u2019est donc dans ce contexte qu\u2019il commen\u00e7a \u00e0 rechercher des r\u00e9ponses \u00e0 ses questions. La solution pour lui n\u2019\u00e9tait autre que l\u2019entrepreneuriat. <\/span><\/p>\n<h2 id=\"viewer-4mj24\" class=\"qDGi6 Y9Dpf blog-post-title-font cV_AtH fH13FV OZy-3 cDpYU ok2w4y bCMSCT public-DraftStyleDefault-block-depth0 fixed-tab-size public-DraftStyleDefault-text-ltr\"><span class=\"B2EFF public-DraftStyleDefault-ltr\">YECCOLAP, qu\u2019est-ce que c\u2019est ?<\/span><\/h2>\n<p><img loading=\"lazy\" decoding=\"async\" class=\"aligncenter\" src=\"https:\/\/static.wixstatic.com\/media\/0d65c6_80d2eeb7a2db4008937ae4859151f037~mv2.jpeg\/v1\/fill\/w_450,h_291,al_c,q_80,usm_0.66_1.00_0.01,enc_auto\/0d65c6_80d2eeb7a2db4008937ae4859151f037~mv2.jpeg\" width=\"273\" height=\"176\" \/><\/p>\n<p id=\"viewer-4g81b\" class=\"xVISr Y9Dpf bCMSCT OZy-3 lnyWN yMZv8w bCMSCT public-DraftStyleDefault-block-depth0 fixed-tab-size public-DraftStyleDefault-text-ltr\"><span class=\"B2EFF public-DraftStyleDefault-ltr\">Derri\u00e8re ce projet et ce slogan se cache toute une signification (en 3 mots) : <\/span><\/p>\n<ol class=\"public-DraftStyleDefault-ol\">\n<li id=\"viewer-62mja\" class=\"bCMSCT vBYpX public-DraftStyleDefault-orderedListItem public-DraftStyleDefault-depth0 public-DraftStyleDefault-list-ltr fixed-tab-size public-DraftStyleDefault-reset OZy-3 lnyWN yMZv8w bCMSCT\">\n<p class=\"Y9Dpf OZy-3 lnyWN yMZv8w bCMSCT\">Yeccola (<em>yekola<\/em>) en linga signifie apprendre<\/p>\n<\/li>\n<li id=\"viewer-4a1v0\" class=\"bCMSCT vBYpX public-DraftStyleDefault-orderedListItem public-DraftStyleDefault-depth0 public-DraftStyleDefault-list-ltr fixed-tab-size OZy-3 lnyWN yMZv8w bCMSCT\">\n<p class=\"Y9Dpf OZy-3 lnyWN yMZv8w bCMSCT\">\u00c9cole, c\u2019est le lieu d\u2019acquisition de connaissances<\/p>\n<\/li>\n<li id=\"viewer-2c5jg\" class=\"bCMSCT vBYpX public-DraftStyleDefault-orderedListItem public-DraftStyleDefault-depth0 public-DraftStyleDefault-list-ltr fixed-tab-size OZy-3 lnyWN yMZv8w bCMSCT\">\n<p class=\"Y9Dpf OZy-3 lnyWN yMZv8w bCMSCT\">App, c\u2019est tout simplement le diminutif d\u2019application<\/p>\n<\/li>\n<\/ol>\n<p id=\"viewer-acq73\" class=\"xVISr Y9Dpf bCMSCT OZy-3 _40ACk Ecq9kg bCMSCT public-DraftStyleDefault-block-depth0 fixed-tab-size public-DraftStyleDefault-text-ltr\"><span class=\"B2EFF public-DraftStyleDefault-ltr\">Avec Yeccolapp, Sacr\u00e9-Benoit et son \u00e9quipe de 13 personnes proposent de nouvelles modalit\u00e9s d\u2019apprentissage en travaillant sur un contenu p\u00e9dagogique actualis\u00e9 et accessible \u00e0 tous, sans distinction. L\u2019application Yeccolapp offre de nombreux avantages et permet aux personnes habitant dans des endroits recul\u00e9s ou n\u2019ayant pas acc\u00e8s au mat\u00e9riel scolaire de recevoir des cours de qualit\u00e9 en format audio, vid\u00e9o ou texte. <\/span><\/p>\n<p id=\"viewer-6b9pu\" class=\"xVISr Y9Dpf bCMSCT OZy-3 _40ACk Ecq9kg bCMSCT public-DraftStyleDefault-block-depth0 fixed-tab-size public-DraftStyleDefault-text-ltr\"><span class=\"B2EFF public-DraftStyleDefault-ltr\"><img decoding=\"async\" src=\"https:\/\/static.wixstatic.com\/media\/0d65c6_0b85f66393c741fa963e8cecae2c8cee~mv2.jpg\/v1\/fill\/w_925,h_736,al_c,q_85,usm_0.66_1.00_0.01,enc_auto\/0d65c6_0b85f66393c741fa963e8cecae2c8cee~mv2.jpg\" \/>Leur objectif \u00e0 moyen terme serait d\u2019uniformiser le contenu p\u00e9dagogique dans les \u00e9tablissements scolaires et supprimer ainsi le concept de petites et grandes \u00e9coles. <\/span><\/p>\n<p id=\"viewer-71f4p\" class=\"xVISr Y9Dpf bCMSCT OZy-3 _40ACk Ecq9kg bCMSCT public-DraftStyleDefault-block-depth0 fixed-tab-size public-DraftStyleDefault-text-ltr\"><span class=\"B2EFF public-DraftStyleDefault-ltr\">Enfin, Yeccolapp se veut \u00eatre une plateforme inclusive. Cette application sensibilise aussi bien les enseignants, les parents que les apprenants au num\u00e9rique et aux m\u00e9tiers du futur. <\/span><\/p>\n<p id=\"viewer-6kgh0\" class=\"xVISr Y9Dpf bCMSCT OZy-3 lnyWN yMZv8w bCMSCT public-DraftStyleDefault-block-depth0 fixed-tab-size public-DraftStyleDefault-text-ltr\"><span class=\"B2EFF public-DraftStyleDefault-ltr\">Sacr\u00e9-Benoit reste concentr\u00e9 sur ses objectifs et ne rel\u00e2che pas ses efforts. Il a d\u00fb essuyer de nombreux refus mais pour lui, lorsqu\u2019une porte se ferme, une autre s\u2019ouvre. <\/span><\/p>\n<blockquote id=\"viewer-4vonv\" class=\"T70D5 _8ps7N vJsmFS OZy-3 lnyWN yMZv8w bCMSCT public-DraftStyleDefault-block-depth0 fixed-tab-size public-DraftStyleDefault-text-ltr\"><span class=\"B2EFF public-DraftStyleDefault-ltr\"><em>Recevoir un retour n\u00e9gatif ne constitue pas une fin mais plut\u00f4t le d\u00e9but d\u2019une conversation diff\u00e9rente. <\/em><\/span><\/blockquote>\n<p id=\"viewer-2nmac\" class=\"xVISr Y9Dpf bCMSCT OZy-3 lnyWN yMZv8w bCMSCT public-DraftStyleDefault-block-depth0 fixed-tab-size public-DraftStyleDefault-text-ltr\"><span class=\"B2EFF public-DraftStyleDefault-ltr\">Les \u00e9checs l\u2019ont forg\u00e9 et font partis de son apprentissage entrepreneurial.<\/span><\/p>\n<p id=\"viewer-d47ev\" class=\"xVISr Y9Dpf bCMSCT OZy-3 lnyWN yMZv8w bCMSCT public-DraftStyleDefault-block-depth0 fixed-tab-size public-DraftStyleDefault-text-ltr\"><span class=\"B2EFF public-DraftStyleDefault-ltr\">Sa devise ? AGIR - Ce n\u2019est pas seulement un verbe d\u2019action. Il pr\u00e9cise qu\u2019il faut le lire comme un acronyme : <\/span><\/p>\n<p id=\"viewer-cnl3\" class=\"xVISr Y9Dpf bCMSCT OZy-3 lnyWN yMZv8w bCMSCT public-DraftStyleDefault-block-depth0 fixed-tab-size public-DraftStyleDefault-text-ltr\"><span class=\"B2EFF public-DraftStyleDefault-ltr\">- <strong>A<\/strong>pprendre<\/span><\/p>\n<p class=\"xVISr Y9Dpf bCMSCT OZy-3 lnyWN yMZv8w bCMSCT public-DraftStyleDefault-block-depth0 fixed-tab-size public-DraftStyleDefault-text-ltr\"><span class=\"B2EFF public-DraftStyleDefault-ltr\">- <strong>G<\/strong>agner (dans l\u2019atteinte des objectifs) \/<\/span><\/p>\n<p class=\"xVISr Y9Dpf bCMSCT OZy-3 lnyWN yMZv8w bCMSCT public-DraftStyleDefault-block-depth0 fixed-tab-size public-DraftStyleDefault-text-ltr\"><span class=\"B2EFF public-DraftStyleDefault-ltr\">- <strong>I<\/strong>nvestir ce que l\u2019on a appris au service des autres et du pays <\/span><\/p>\n<p id=\"viewer-cnu19\" class=\"xVISr Y9Dpf bCMSCT OZy-3 lnyWN yMZv8w bCMSCT public-DraftStyleDefault-block-depth0 fixed-tab-size public-DraftStyleDefault-text-ltr\"><span class=\"B2EFF public-DraftStyleDefault-ltr\">- <strong>R<\/strong>\u00e9ussir dans sa qu\u00eate du service aux autres et ainsi cr\u00e9er un cercle vertueux<\/span><\/p>\n<p id=\"viewer-du75p\" class=\"xVISr Y9Dpf bCMSCT OZy-3 lnyWN yMZv8w bCMSCT public-DraftStyleDefault-block-depth0 fixed-tab-size public-DraftStyleDefault-text-ltr\"><span class=\"B2EFF public-DraftStyleDefault-ltr\">Un tr\u00e8s beau souvenir qu\u2019il garde de ce parcours est celui d\u2019avoir \u00e9t\u00e9 s\u00e9lectionn\u00e9 parmi les 3 gagnants du KIC face \u00e0 un jury de qualit\u00e9. <\/span><\/p>\n<div data-hook=\"rcv-block41\">\u00a0<\/div>\n<p id=\"viewer-8qaps\" class=\"xVISr Y9Dpf bCMSCT OZy-3 lnyWN yMZv8w bCMSCT public-DraftStyleDefault-block-depth0 fixed-tab-size public-DraftStyleDefault-text-ltr\"><span class=\"B2EFF public-DraftStyleDefault-ltr\">Pour plus d'informations : www.yeccolapp.education<\/span><\/p>\n<div data-hook=\"rcv-block42\">\u00a0<\/div>\n<p id=\"viewer-4iqjg\" class=\"xVISr Y9Dpf bCMSCT OZy-3 lnyWN yMZv8w bCMSCT public-DraftStyleDefault-block-depth0 fixed-tab-size public-DraftStyleDefault-text-ltr\"><span class=\"B2EFF public-DraftStyleDefault-ltr\">Twitter &amp; Facebook : yeccolapp<\/span><\/p>\n<div data-hook=\"rcv-block43\">\u00a0<\/div>\n<div id=\"viewer-83odr\" class=\"xVISr Y9Dpf bCMSCT OZy-3 lnyWN yMZv8w bCMSCT public-DraftStyleDefault-block-depth0 fixed-tab-size public-DraftStyleDefault-text-ltr\"><span class=\"B2EFF public-DraftStyleDefault-ltr\">\u00a0<\/span><\/div>\n<div data-hook=\"rcv-block44\">\u00a0<\/div>\n<div id=\"viewer-11rj1\" class=\"xVISr Y9Dpf bCMSCT OZy-3 lnyWN yMZv8w bCMSCT public-DraftStyleDefault-block-depth0 fixed-tab-size public-DraftStyleDefault-text-ltr\"><span class=\"B2EFF public-DraftStyleDefault-ltr\">\u00a0<\/span><\/div>\n<div data-hook=\"rcv-block45\">\u00a0<\/div>\n<p id=\"viewer-4d3g5\" class=\"xVISr Y9Dpf bCMSCT OZy-3 lnyWN yMZv8w bCMSCT public-DraftStyleDefault-block-depth0 fixed-tab-size public-DraftStyleDefault-text-ltr\"><span class=\"B2EFF public-DraftStyleDefault-ltr\">CCSC - Giselle Van Muller <\/span><\/p>            \t\t\r\n            \t<\/div>\r\n        \t        <\/div>\r\n\r\n        \t\t<\/div>\n\t\t\t\t<\/div>\n\t\t\t\t\t<\/div>\n\t\t<\/div>\n\t\t\t\t\t\t\t<\/div>\n\t\t<\/section>\n\t\t\t\t\t\t\t<\/div>\n\t\t","protected":false},"excerpt":{"rendered":"<p>Sacr\u00e9-Benoit Mbumina est un entrepreneur congolais de 29 ans r\u00e9sidant \u00e0 Kinshasa. Ce licenci\u00e9 en informatique a obtenu le premier prix et il est \u00e9videment l\u2019un des 3 gagnants de la 1\u00e8re \u00e9dition de Kinshasa Innovation Center (KIC), programme d\u2019incubation et de renforcement des capacit\u00e9s, organis\u00e9 par la Chambre de Commerce Suisse-RD Congo, en partenariat&#8230;<\/p>\n","protected":false},"author":1,"featured_media":0,"comment_status":"open","ping_status":"open","sticky":false,"template":"","format":"standard","meta":{"footnotes":""},"categories":[28],"tags":[6,7,8,9,10],"class_list":["post-26833","post","type-post","status-publish","format-standard","hentry","category-kic","tag-audit","tag-consulting","tag-credit","tag-repair","tag-solve"],"_links":{"self":[{"href":"https:\/\/ccsrdc.ch\/index.php\/wp-json\/wp\/v2\/posts\/26833","targetHints":{"allow":["GET"]}}],"collection":[{"href":"https:\/\/ccsrdc.ch\/index.php\/wp-json\/wp\/v2\/posts"}],"about":[{"href":"https:\/\/ccsrdc.ch\/index.php\/wp-json\/wp\/v2\/types\/post"}],"author":[{"embeddable":true,"href":"https:\/\/ccsrdc.ch\/index.php\/wp-json\/wp\/v2\/users\/1"}],"replies":[{"embeddable":true,"href":"https:\/\/ccsrdc.ch\/index.php\/wp-json\/wp\/v2\/comments?post=26833"}],"version-history":[{"count":10,"href":"https:\/\/ccsrdc.ch\/index.php\/wp-json\/wp\/v2\/posts\/26833\/revisions"}],"predecessor-version":[{"id":26845,"href":"https:\/\/ccsrdc.ch\/index.php\/wp-json\/wp\/v2\/posts\/26833\/revisions\/26845"}],"wp:attachment":[{"href":"https:\/\/ccsrdc.ch\/index.php\/wp-json\/wp\/v2\/media?parent=26833"}],"wp:term":[{"taxonomy":"category","embeddable":true,"href":"https:\/\/ccsrdc.ch\/index.php\/wp-json\/wp\/v2\/categories?post=26833"},{"taxonomy":"post_tag","embeddable":true,"href":"https:\/\/ccsrdc.ch\/index.php\/wp-json\/wp\/v2\/tags?post=26833"}],"curies":[{"name":"wp","href":"https:\/\/api.w.org\/{rel}","templated":true}]}}